{"provider_url": "https://www.alegre.es.leg.br", "title": "Perguntas Frequentes", "html": "<p><img src=\"https://www.alegre.es.leg.br/imagens/faq-logo.png/image_thumb\" alt=\"FAQ\" class=\"image-right\" title=\"Faq Logo\" /></p>\r\n<h2>Perguntas e Respostas Frequentes:</h2>\r\n<p><strong><br /></strong></p>\r\n<p><strong>1.\u00a0 Endere\u00e7o e localiza\u00e7\u00e3o da C\u00e2mara Municipal de Alegre?</strong></p>\r\n<p><span>Avenida Jer\u00f4nimo Monteiro, n\u00ba. 38, 2\u00ba piso, Centro, Alegre/ES, Cep 29500-000, localizada em cima do Banco do Brasil.</span></p>\r\n<p><strong>2.\u00a0</strong><strong>Telefones para contato da C\u00e2mara Municipal de Alegre?</strong></p>\r\n<p>(28) 3552-1230 e 3552-1147</p>\r\n<p>\u00a0<strong>3.\u00a0</strong><strong>Hor\u00e1rio da sess\u00e3o?</strong></p>\r\n<p><span>A sess\u00e3o ocorre todas as segundas-feiras \u00e0s 20h00min na Sala das Sess\u00f5es Dr. Messias Chaves, localizada nas depend\u00eancias da C\u00e2mara Municipal de Alegre e tamb\u00e9m \u00e9 transmitida via r\u00e1dio FAMA Alegre 104.5 no mesmo hor\u00e1rio.</span></p>\r\n<p><strong>4.\u00a0 Como fa\u00e7o para adquirir a ata da sess\u00e3o?</strong></p>\r\n<p><span>A ata da sess\u00e3o poder\u00e1 ser adquirida no site da C\u00e2mara Municipal de Alegre atrav\u00e9s do endere\u00e7o:\u00a0<a class=\"external-link\" href=\"https://alegre.es.leg.br\" target=\"_self\" title=\"\">https://alegre.es.leg.br</a></span><a href=\"http://www.camaraalegre.com.br//\">\u00a0</a><span>mais especificamente no link de atas:\u00a0<a class=\"external-link\" href=\"https://sapl.alegre.es.leg.br/sessao/pesquisar-sessao\" target=\"_self\" title=\"\">https://sapl.alegre.es.leg.br/sessao/pesquisar-sessao</a></span><span>\u00a0Ou, se houver a necessidade da ata estar assinada pelos membros dessa Casa legislativa, a pessoa poder\u00e1 fazer um pedido por escrito, devidamente protocolado na Recep\u00e7\u00e3o da C\u00e2mara, solicitando c\u00f3pia da mesma.</span></p>\r\n<p><strong>5. Quem s\u00e3o os vereadores da C\u00e2mara Municipal de Alegre? Quais s\u00e3o seus partidos? Endere\u00e7o de e-mail e telefone de cada um deles?</strong></p>\r\n<p><span>No site da C\u00e2mara voc\u00ea poder\u00e1 encontrar um link contendo o nome, foto, partido, telefone de contato e e-mail de cada vereador. Basta clicar no link:<a href=\"http://www.camaraalegre.com.br/site/index.php?option=com_content&amp;view=category&amp;layout=blog&amp;id=41&amp;Itemid=118\">http://www.camaraalegre.com.br/site/index.php?option=com_content&amp;view=category&amp;layout=blog&amp;id=41&amp;Itemid=118</a></span><a href=\"http://www.camaraalegre.com.br/site/index.php?option=com_content&amp;view=article&amp;id=50&amp;Itemid=59\">\u00a0</a><span>que voc\u00ea ir\u00e1 todas as informa\u00e7\u00f5es que precisa.</span></p>\r\n<p><strong>6. Como fa\u00e7o para ter acesso as informa\u00e7\u00f5es cont\u00e1beis, fiscais, or\u00e7ament\u00e1rias, folha de pagamento com os dados e remunera\u00e7\u00e3o de cada servidor?</strong></p>\r\n<p><span>Acesse o site\u00a0</span><a href=\"http://www.camaraalegre.com.br/site/\">http://www.camaraalegre.com.br/site/\u00a0</a><span>e clique no link do lado direito da tela chamado \u201cPortal Transpar\u00eancia\u201d, ele te redirecionar\u00e1 para uma p\u00e1gina onde ter\u00e1 acesso a essa e outras informa\u00e7\u00f5es.</span></p>\r\n<p><strong>7.\u00a0 O que \u00e9 bancada?</strong></p>\r\n<p>Bancada \u00e9 o grupo de Vereadores de um partido pol\u00edtico.</p>\r\n<p><strong>8.\u00a0 O que \u00e9 comiss\u00e3o?</strong></p>\r\n<p><span>Comiss\u00e3o \u00e9 um \u00f3rg\u00e3o t\u00e9cnico, composto de Vereadores, destinado a proceder a estudos, emitir pareceres especializados para orienta\u00e7\u00e3o do Plen\u00e1rio, realizar investiga\u00e7\u00f5es e representar o Legislativo.</span></p>\r\n<p><strong>9.\u00a0 O que \u00e9 comiss\u00e3o especial?</strong></p>\r\n<p><span>Comiss\u00e3o especial \u00e9 uma comiss\u00e3o tempor\u00e1ria que tem por fun\u00e7\u00e3o realizar atividade excepcional e que n\u00e3o seja da compet\u00eancia de uma comiss\u00e3o permanente.</span></p>\r\n<p><strong>10.\u00a0 O que \u00e9 comiss\u00e3o parlamentar de inqu\u00e9rito?</strong></p>\r\n<p><span>Comiss\u00e3o parlamentar de inqu\u00e9rito \u00e9 uma comiss\u00e3o tempor\u00e1ria que tem por fun\u00e7\u00e3o realizar inqu\u00e9ritos, de acordo com a Lei Org\u00e2nica municipal.</span></p>\r\n<p><strong>11.\u00a0 O que \u00e9 comiss\u00e3o permanente?</strong></p>\r\n<p><span>Comiss\u00e3o permanente \u00e9 aquela que atua permanentemente e de acordo com as atribui\u00e7\u00f5es definidas no Regimento Interno.</span></p>\r\n<p><strong>12.\u00a0 O que \u00e9 comiss\u00e3o tempor\u00e1ria?</strong></p>\r\n<p><span>Comiss\u00e3o tempor\u00e1ria \u00e9 aquela destinada a tratar de assuntos excepcionais que n\u00e3o sejam da compet\u00eancia de comiss\u00e3o permanente.</span></p>\r\n<p><strong>13.\u00a0 O que \u00e9 l\u00edder?</strong></p>\r\n<p><span>L\u00edder \u00e9 o Vereador escolhido por uma bancada ou bloco com assento na C\u00e2mara para represent\u00e1-la quando for o caso e indicar membros dela para compor comiss\u00f5es.</span></p>\r\n<p><strong>14.\u00a0 O que \u00e9 l\u00edder do governo?</strong></p>\r\n<p>L\u00edder do governo \u00e9 o porta-voz do Prefeito na C\u00e2mara Municipal.</p>\r\n<p><strong>15.\u00a0 O que \u00e9 Mesa Diretora?</strong></p>\r\n<p><span>Mesa Diretora \u00e9 uma comiss\u00e3o de Vereadores que tem por atribui\u00e7\u00e3o a dire\u00e7\u00e3o administrativa da C\u00e2mara Municipal.</span></p>\r\n<p><strong>16.\u00a0 O que \u00e9 norma jur\u00eddica?</strong></p>\r\n<p><span>Norma jur\u00eddica \u00e9 um preceito obrigat\u00f3rio imposto ou reconhecido como tal pelo Estado e que objetiva a vontade social manifestada imperativamente a todos pelo Estado.</span></p>\r\n<p><strong>17.\u00a0 O que \u00e9 Ordem do Dia?</strong></p>\r\n<p>Ordem do Dia \u00e9 a parte da sess\u00e3o plen\u00e1ria destinada a discuss\u00e3o e vota\u00e7\u00e3o de proposi\u00e7\u00f5es.</p>\r\n<p><strong>18.\u00a0 O que \u00e9 parecer?</strong></p>\r\n<p><span>Parecer \u00e9 um documento pelo qual uma Comiss\u00e3o relata, examina e opina conclusivamente sobre uma mat\u00e9ria.</span></p>\r\n<p><strong>19.\u00a0 O que \u00e9 pauta da Ordem do Dia?</strong></p>\r\n<p><span>Pauta da Ordem do Dia \u00e9 o documento pr\u00e9vio que discrimina as mat\u00e9rias a serem apreciadas nessa parte da sess\u00e3o plen\u00e1ria.</span></p>\r\n<p><strong>20.\u00a0 O que \u00e9 processo legislativo?</strong></p>\r\n<p>Processo legislativo \u00e9 a sucess\u00e3o de atos realizados para produ\u00e7\u00e3o de normas jur\u00eddicas.</p>\r\n<p><strong>21.\u00a0 O que \u00e9 quorum?</strong></p>\r\n<p><span>Quorum \u00e9 o n\u00famero m\u00ednimo de Vereadores presentes necess\u00e1rio para a realiza\u00e7\u00e3o de sess\u00e3o ou reuni\u00e3o de comiss\u00e3o, ou para realiza\u00e7\u00e3o de vota\u00e7\u00e3o.</span></p>\r\n<p><strong>22.\u00a0 O que \u00e9 recesso parlamentar?</strong></p>\r\n<p><span>Recesso parlamentar \u00e9 a interrup\u00e7\u00e3o tempor\u00e1ria dos trabalhos legislativos, realizada no per\u00edodo definido no Regimento Interno.</span></p>\r\n<p><strong>23.\u00a0 O que \u00e9 Regimento Interno?</strong></p>\r\n<p>Regimento Interno \u00e9 a norma jur\u00eddica que regula o funcionamento da C\u00e2mara Municipal.</p>\r\n<p><strong>24.\u00a0 O que \u00e9 sess\u00e3o legislativa?</strong></p>\r\n<p><span>Sess\u00e3o legislativa \u00e9 o per\u00edodo de trabalho legislativo definido no Regimento Interno, observado o recesso parlamentar.</span></p>\r\n<p><strong>25.\u00a0 O que \u00e9 sess\u00e3o plen\u00e1ria?</strong></p>\r\n<p>Sess\u00e3o plen\u00e1ria \u00e9 uma reuni\u00e3o dos Vereadores.</p>\r\n<p><strong>26.\u00a0 O que \u00e9 sess\u00e3o plen\u00e1ria especial?</strong></p>\r\n<p><span>Sess\u00e3o plen\u00e1ria especial \u00e9 aquela destinada exclusivamente \u00e0 realiza\u00e7\u00e3o de atividades espec\u00edficas.</span></p>\r\n<p><strong>27.\u00a0 O que \u00e9 sess\u00e3o plen\u00e1ria extraordin\u00e1ria?</strong></p>\r\n<p><span>Sess\u00e3o plen\u00e1ria extraordin\u00e1ria \u00e9 aquela realizada em dia ou hora diferentes da sess\u00e3o plen\u00e1ria ordin\u00e1ria para tratar exclusivamente dos assuntos que motivaram a convoca\u00e7\u00e3o dos parlamentares.</span></p>\r\n<p><strong>28.\u00a0 O que \u00e9 sess\u00e3o plen\u00e1ria ordin\u00e1ria?</strong></p>\r\n<p>Sess\u00e3o plen\u00e1ria ordin\u00e1ria \u00e9 aquela realizada \u00e0s segundas-feiras, \u00e0s 20h.</p>\r\n<p><strong>29.\u00a0 O que \u00e9 sess\u00e3o plen\u00e1ria solene?</strong></p>\r\n<p><span>Sess\u00e3o plen\u00e1ria solene \u00e9 aquela destinada \u00e0 instala\u00e7\u00e3o da Legislatura, posse do Prefeito e do vice-prefeito, ou \u00e0 realiza\u00e7\u00e3o de comemora\u00e7\u00f5es ou homenagens.</span></p>\r\n<p><strong>30.\u00a0 O que \u00e9 tramita\u00e7\u00e3o?</strong></p>\r\n<p><span>Tramita\u00e7\u00e3o \u00e9 o curso de uma proposi\u00e7\u00e3o legislativa de acordo com as normas constitucionais e as estabelecidas pelo Regimento Interno.</span></p>\r\n<p><strong>31.\u00a0 O que \u00e9 urg\u00eancia?</strong></p>\r\n<p><span>Urg\u00eancia \u00e9 o regime de tramita\u00e7\u00e3o em que o Poder Legislativo tem o prazo de 45 dias para apreciar uma proposi\u00e7\u00e3o legislativa.</span></p>\r\n<p><strong>32.\u00a0 Quem pode solicitar as informa\u00e7\u00f5es?</strong></p>\r\n<p><span>Qualquer pessoa natural ou jur\u00eddica tem legitimidade para apresentar pedido de acesso \u00e0 informa\u00e7\u00e3o.</span></p>\r\n<p><strong>33.\u00a0 Quais informa\u00e7\u00f5es podem ser negadas?</strong></p>\r\n<p><span>N\u00e3o ser\u00e3o atendidos pedidos de acesso \u00e0 informa\u00e7\u00e3o gen\u00e9rica, desproporcionais ou desarrazoados, que exijam trabalhos de an\u00e1lise, interpreta\u00e7\u00e3o ou compila\u00e7\u00e3o e consolida\u00e7\u00e3o de dados, servi\u00e7o de produ\u00e7\u00e3o ou tratamento que n\u00e3o sejam de compet\u00eancia do Poder Legislativo Municipal. Al\u00e9m disso, \u00e9 vedado o pedido de acesso relativo a informa\u00e7\u00f5es pessoais que potencialmente possam prejudicar a intimidade, a vida privada, a honra e a imagem, bem como as liberdades e garantias individuais daqueles a quem elas se refiram.</span></p>", "author_name": "Interlegis", "version": "1.0", "author_url": "https://www.alegre.es.leg.br/author/Interlegis", "provider_name": "C\u00e2mara Municipal de Alegre-ES", "type": "rich"}